{"id":1479,"date":"2024-08-15T16:28:20","date_gmt":"2024-08-15T14:28:20","guid":{"rendered":"https:\/\/travaux.obat.fr\/guides\/?p=1479"},"modified":"2024-11-04T11:33:35","modified_gmt":"2024-11-04T10:33:35","slug":"ravalement-de-facade","status":"publish","type":"post","link":"https:\/\/travaux.obat.fr\/guides\/ravalement-de-facade\/","title":{"rendered":"Qu&rsquo;est-ce qu&rsquo;un ravalement de fa\u00e7ade ? Etapes et prix"},"content":{"rendered":"\n<p>Bien plus qu\u2019un simple coup de neuf, <strong>le ravalement de fa\u00e7ade <\/strong>est la garantie d\u2019un b\u00e2timent sain. R\u00e9nover sa fa\u00e7ade d\u00e9fra\u00eechie ou ab\u00eem\u00e9e est un entretien n\u00e9cessaire et obligatoire. Dans ce guide, vous retrouverez des<strong> informations et des conseils <\/strong>pour vos travaux de fa\u00e7ade, <strong>une estimation des co\u00fbts<\/strong> pour \u00e9tablir votre budget, ainsi qu\u2019un r\u00e9capitulatif des <strong>aides existantes.<\/strong><\/p>\n\n\n    <div class=\"essentiel-a-retenir\">\n        <div class=\"essentiel-a-retenir-wrapper\">\n            <div class=\"essentiel-a-retenir-title\">L&rsquo;essentiel \u00e0 retenir<\/div>\n            <div class=\"essentiel-a-retenir-content\">\n                <p>Un ravalement de fa\u00e7ade consiste \u00e0 remettre en \u00e9tat le mur ext\u00e9rieur d&rsquo;un b\u00e2timent dans le but d&rsquo;am\u00e9liorer ses performances thermiques et son aspect esth\u00e9tique.<\/p>\n<p>Les travaux de r\u00e9fection de fa\u00e7ade sont une obligation l\u00e9gale d\u00e9finie par le Code de la construction et de l\u2019habitation. Ils doivent \u00eatre r\u00e9alis\u00e9s tous les 10 ans.<\/p>\n<p>Le co\u00fbt d\u2019un ravalement de fa\u00e7ade d\u00e9pend de divers facteurs comme l&rsquo;\u00e9tat du support, la surface, le mat\u00e9riau&#8230; Des aides sont possibles pour financer les travaux.<\/p>\n            <\/div>\n        <\/div>\n    <\/div>\n\n\n\n<h2 class=\"wp-block-heading\">C\u2019est quoi, un ravalement d\u2019une fa\u00e7ade&nbsp;?<\/h2>\n\n\n\n<p>Un ravalement de fa\u00e7ade est <strong>une remise en \u00e9tat <\/strong>des murs ext\u00e9rieurs et des \u00e9l\u00e9ments apparents de la fa\u00e7ade, tels que les dispositifs de fermeture ou de protection. L\u2019enjeu consiste \u00e0 maintenir la propret\u00e9 de la fa\u00e7ade et la pr\u00e9server des d\u00e9t\u00e9riorations pour retrouver ses performances tout en respectant son aspect originel.<\/p>\n\n\n\n<p>Le <strong>ravalement de fa\u00e7ade<\/strong> pr\u00e9sente ainsi de nombreux avantages&nbsp;:<\/p>\n\n\n\n<ul class=\"wp-block-list\">\n<li><strong>optimisation des performances thermiques<\/strong>, une mesure favorable \u00e0 l\u2019environnement comme \u00e0 votre portefeuille\u2009;<\/li>\n\n\n\n<li><strong>am\u00e9lioration du confort et de la sant\u00e9 des occupants,<\/strong> gr\u00e2ce \u00e0 l\u2019isolation thermique et phonique et \u00e0 la baisse du taux d\u2019humidit\u00e9\u2009;<\/li>\n\n\n\n<li><strong>la cr\u00e9ation d\u2019une plus-value pour votre bien immobilier<\/strong>, avec la preuve d\u2019un entretien r\u00e9gulier et une meilleure attractivit\u00e9.<\/li>\n<\/ul>\n\n\n\n<p>En outre, la r\u00e9novation de fa\u00e7ade est un atout visuel dont vous profiterez au quotidien. Si le plan d\u2019urbanisme de votre commune l\u2019autorise, pourquoi ne pas en profiter pour vous offrir une nouvelle finition&nbsp;?<\/p>\n\n\n    <div class=\"bon-a-savoir\">\n        <div class=\"bon-a-savoir-wrapper\">\n            <div class=\"bon-a-savoir-header\">\n                <div class=\"bon-a-savoir-header-icon\"><img decoding=\"async\" src=\"https:\/\/travaux.obat.fr\/guides\/wp-content\/themes\/obat-blog-v3\/img\/info-icon.svg\" alt=\"Info Icon\"><\/div>\n                <div class=\"bon-a-savoir-header-title\">Bon \u00e0 savoir<\/div>\n            <\/div>\n\n            <div class=\"bon-a-savoir-line\"><\/div>\n\n            <div class=\"bon-a-savoir-content\">\n                <p><strong>Qui contacter pour un ravalement de fa\u00e7ade\u00a0? <\/strong>On est parfois tent\u00e9 de le faire soi-m\u00eame pour faciliter le financement des travaux de fa\u00e7ade. Toutefois, cela risque de compromettre la p\u00e9rennit\u00e9 des r\u00e9sultats. Pour ces travaux lourds, mieux vaut contacter\u00a0un <a href=\"https:\/\/travaux.obat.fr\/facadier\" target=\"_blank\" rel=\"noreferrer noopener\">artisan fa\u00e7adier<\/a> ou une entreprise de ravalement de fa\u00e7ade, voire un architecte qui v\u00e9rifiera les autorisations d\u2019urbanisme de votre commune (surtout en zone prot\u00e9g\u00e9e).<\/p>\n<p>Assurez-vous que le professionnel de votre choix puisse fournir une assurance de responsabilit\u00e9 civile d\u00e9cennale.<\/p>\n            <\/div>\n        <\/div>\n    <\/div>\n    \n\n\n<p>A lire \u00e9galement : <a href=\"https:\/\/travaux.obat.fr\/guides\/isolation-murs-interieur\/\" target=\"_blank\" rel=\"noreferrer noopener\">Isolation des murs par l\u2019int\u00e9rieur : tout savoir<\/a><\/p>\n\n\n\n<h2 class=\"wp-block-heading\">A quel moment r\u00e9nover sa fa\u00e7ade&nbsp;?<\/h2>\n\n\n\n<p>Le ravalement de fa\u00e7ade de votre maison doit \u00eatre fait r\u00e9guli\u00e8rement pour \u00e9viter l\u2019escalade des probl\u00e8mes.<\/p>\n\n\n\n<h3 class=\"wp-block-heading\">Quels types de d\u00e9g\u00e2ts peuvent n\u00e9cessiter de refaire sa fa\u00e7ade&nbsp;?<\/h3>\n\n\n\n<p>Les i<strong>ntemp\u00e9ries<\/strong>, les <strong>rayons UV<\/strong>, la <strong>pollution atmosph\u00e9rique<\/strong> et les <strong>mouvements du sol<\/strong> sont les principaux facteurs affectant la fa\u00e7ade, entra\u00eenant des salissures et autres d\u00e9gradations. Une fissure ou des joints en mauvais \u00e9tat, par exemple, risquent d\u2019affecter l\u2019isolation thermique et phonique du b\u00e2timent, ou d\u2019engendrer des infiltrations d\u2019eau.<\/p>\n\n\n\n<figure class=\"wp-block-table is-style-stripes\"><table class=\"has-fixed-layout\"><tbody><tr><td><strong>Type de d\u00e9t\u00e9rioration<\/strong><\/td><td><strong>Cause<\/strong><\/td><\/tr><tr><td>Fissures favorisant l\u2019apparition de mousses ou de moisissures et les infiltrations d\u2019eau<\/td><td>Mouvements du sol (s\u00e9cheresse, etc.), d\u00e9faut de pose ou stagnation de l\u2019humidit\u00e9<\/td><\/tr><tr><td>D\u00e9collement de l\u2019enduit ou du cr\u00e9pi<\/td><td>D\u00e9faut de pose ou stagnation de l\u2019humidit\u00e9<\/td><\/tr><tr><td>Efflorescence de la fa\u00e7ade (d\u00e9p\u00f4ts de sel caract\u00e9ris\u00e9s par des taches blanches sur les murs)<\/td><td>Remont\u00e9e par capillarit\u00e9 en raison d\u2019un d\u00e9faut d\u2019\u00e9tanch\u00e9it\u00e9 ou de l\u2019humidit\u00e9 du mat\u00e9riau de fa\u00e7ade<\/td><\/tr><tr><td>D\u00e9gradation des joints<\/td><td>Vieillissement, intemp\u00e9ries, etc.<\/td><\/tr><tr><td>Ternissement ou noircissement de la couleur des murs<\/td><td>Pollution atmosph\u00e9rique, chemin\u00e9e, peinture de mauvaise qualit\u00e9, etc.<\/td><\/tr><\/tbody><\/table><\/figure>\n\n\n\n<h3 class=\"wp-block-heading\">Quelle dur\u00e9e de vie pour un ravalement de fa\u00e7ade&nbsp;?<\/h3>\n\n\n\n<p>En th\u00e9orie obligatoire <strong>tous les 10&nbsp;ans<\/strong>, certains propri\u00e9taires tentent de prolonger sa dur\u00e9e de vie avec un nettoyage r\u00e9gulier. \u00c0 l\u2019inverse, n\u2019h\u00e9sitez pas \u00e0 le faire plus t\u00f4t si vous remarquez l\u2019apparition de d\u00e9t\u00e9riorations pr\u00e9coces, notamment des fissures. <\/p>\n\n\n\n<p>La dur\u00e9e d\u2019un ravalement de fa\u00e7ade d\u00e9pend principalement de&nbsp;:<\/p>\n\n\n\n<ul class=\"wp-block-list\">\n<li><strong>sa<\/strong> <strong>bonne ex\u00e9cution\u2009<\/strong>;<\/li>\n\n\n\n<li><strong>le type de fa\u00e7ade<\/strong> (une fa\u00e7ade en brique ou en pierre est plus r\u00e9sistante qu\u2019une fa\u00e7ade en bois ou avec enduit)\u2009;<\/li>\n\n\n\n<li><strong>l\u2019entretien<\/strong> de la fa\u00e7ade (nettoyage r\u00e9gulier)\u2009;<\/li>\n\n\n\n<li><strong>l\u2019environnement<\/strong> (les fa\u00e7ades s\u2019ab\u00eement plus rapidement en ville, en bord de mer et dans les r\u00e9gions soumises \u00e0 des conditions climatiques intenses).<\/li>\n<\/ul>\n\n\n    <div class=\"bon-a-savoir\">\n        <div class=\"bon-a-savoir-wrapper\">\n            <div class=\"bon-a-savoir-header\">\n                <div class=\"bon-a-savoir-header-icon\"><img decoding=\"async\" src=\"https:\/\/travaux.obat.fr\/guides\/wp-content\/themes\/obat-blog-v3\/img\/info-icon.svg\" alt=\"Info Icon\"><\/div>\n                <div class=\"bon-a-savoir-header-title\">Bon \u00e0 savoir<\/div>\n            <\/div>\n\n            <div class=\"bon-a-savoir-line\"><\/div>\n\n            <div class=\"bon-a-savoir-content\">\n                <p><strong>Quel est le meilleur moment de l\u2019ann\u00e9e pour refaire sa fa\u00e7ade\u00a0?<\/strong> Mieux vaut privil\u00e9gier le d\u00e9but du printemps ou la fin de l\u2019automne. En \u00e9t\u00e9, un s\u00e9chage trop rapide pourrait entra\u00eener une mauvaise adh\u00e9rence de l\u2019enduit. En hiver, les intemp\u00e9ries (gel, vent, pluie, froid) pourraient compliquer le chantier ou diminuer l\u2019efficacit\u00e9 de l\u2019op\u00e9ration.<\/p>\n            <\/div>\n        <\/div>\n    <\/div>\n    \n\n\n<p><em>A lire \u00e9galement : <a href=\"https:\/\/travaux.obat.fr\/guides\/aides-renovation-maison-ancienne\/\" target=\"_blank\" rel=\"noreferrer noopener\">4 aides \u00e0 la r\u00e9novation d\u2019une maison ancienne en 2026<\/a><\/em><\/p>\n\n\n<div class=\"wp-block-image\">\n<figure class=\"aligncenter size-full\"><img loading=\"lazy\" decoding=\"async\" width=\"800\" height=\"400\" src=\"https:\/\/travaux.obat.fr\/guides\/wp-content\/uploads\/2024\/08\/refection-de-facade.png\" alt=\"r\u00e9fection de fa\u00e7ade\" class=\"wp-image-1510\" srcset=\"https:\/\/travaux.obat.fr\/guides\/wp-content\/uploads\/2024\/08\/refection-de-facade.png 800w, https:\/\/travaux.obat.fr\/guides\/wp-content\/uploads\/2024\/08\/refection-de-facade-300x150.png 300w, https:\/\/travaux.obat.fr\/guides\/wp-content\/uploads\/2024\/08\/refection-de-facade-768x384.png 768w\" sizes=\"auto, (max-width: 800px) 100vw, 800px\" \/><\/figure>\n<\/div>\n\n\n<h2 class=\"wp-block-heading\">Ravalement de fa\u00e7ade&nbsp;: \u00e9tapes et travaux \u00e0 r\u00e9aliser<\/h2>\n\n\n\n<p>Plusieurs \u00e9tapes et types de travaux entrent en compte dans un ravalement de fa\u00e7ade, selon l&rsquo;\u00e9tat des murs et l&rsquo;importance des r\u00e9parations \u00e0 effectuer. <\/p>\n\n\n\n<h3 class=\"wp-block-heading\">R\u00e9alisation d&rsquo;un diagnostic de l&rsquo;\u00e9tat de la fa\u00e7ade<\/h3>\n\n\n\n<p>Commencez par <strong>r\u00e9aliser un diagnostic<\/strong> avec votre ma\u00eetre d\u2019ouvrage pour \u00e9valuer&nbsp;:&nbsp;<\/p>\n\n\n\n<ul class=\"wp-block-list\">\n<li>la nature et l\u2019ampleur des d\u00e9gradations\u2009;<\/li>\n\n\n\n<li>le traitement appropri\u00e9 en fonction des mat\u00e9riaux impliqu\u00e9s dans le ravalement de fa\u00e7ade\u2009;<\/li>\n\n\n\n<li>la porosit\u00e9 du support pour l\u2019adh\u00e9rence du mortier\u2009;<\/li>\n\n\n\n<li>la tenue du rev\u00eatement en pr\u00e9vision de la pose d\u2019un nouvel enduit.<\/li>\n<\/ul>\n\n\n\n<p>Par exemple, une brillance excessive signale la pr\u00e9sence d\u2019un vernis, qu\u2019il faudra alors d\u00e9caper de mani\u00e8re m\u00e9canique. D\u2019autre part, sachez qu\u2019un enduit qui se d\u00e9colle doit \u00eatre retir\u00e9. Or, il arrive que ce d\u00e9collement ne soit pas visible. Un cr\u00e9pi qui sonne creux en est toutefois la preuve.<\/p>\n\n\n\n<h3 class=\"wp-block-heading\">Les diff\u00e9rentes \u00e9tapes d&rsquo;une r\u00e9novation de fa\u00e7ade <\/h3>\n\n\n\n<p>Selon les r\u00e9sultats du diagnostic, plusieurs types de travaux de fa\u00e7ade peuvent \u00eatre r\u00e9alis\u00e9s :<\/p>\n\n\n\n<ol class=\"wp-block-list\">\n<li><strong>Pr\u00e9paration du chantier :<\/strong> r\u00e9alisation des d\u00e9marches administratives en amont et installation de l\u2019\u00e9chafaudage et des b\u00e2ches de protection<\/li>\n\n\n\n<li><strong>D\u00e9moussage ou d\u00e9contamination <\/strong>: cette \u00e9tape est \u00e0 r\u00e9aliser avant le nettoyage<\/li>\n\n\n\n<li><strong>Pr\u00e9paration du support pour l\u2019adh\u00e9rence (le cas \u00e9ch\u00e9ant)<\/strong> : piquage et reconstitution de la fa\u00e7ade<\/li>\n\n\n\n<li><strong>Nettoyage ou d\u00e9capage <\/strong>: nettoyage haute pression, nettoyage chimique, sablage, gommage, pon\u00e7age, peeling, etc.<\/li>\n\n\n\n<li><strong>R\u00e9paration et traitement&nbsp;:<\/strong> application d\u2019un traitement adapt\u00e9, r\u00e9novation de la fa\u00e7ade si n\u00e9cessaire (rebouchage des fissures, r\u00e9novation ou remplacement des joints) et pose d\u2019un joint hydrofuge en pied de mur si n\u00e9cessaire pour lutter contre les remont\u00e9es d\u2019humidit\u00e9<\/li>\n\n\n\n<li><strong>Finitions<\/strong> : pour l\u2019esth\u00e9tique mais aussi l\u2019imperm\u00e9abilit\u00e9 et la protection face aux intemp\u00e9ries&nbsp;: enduit, cr\u00e9pi, bardage, pierre de parement, ou peinture (pour un ravalement de fa\u00e7ade plus l\u00e9ger)<\/li>\n<\/ol>\n\n\n\n<h2 class=\"wp-block-heading\">Quelle r\u00e9glementation pour le ravalement de fa\u00e7ade&nbsp;?<\/h2>\n\n\n\n<p>Conform\u00e9ment au Code de la construction et de l\u2019habitation, le ravalement de fa\u00e7ade est une <strong>obligation l\u00e9gale \u00e0 r\u00e9aliser tous les 10 ans<\/strong>. Les fa\u00e7ades doivent \u00eatre propres, bien entretenues, solides et en mesure de prot\u00e9ger le b\u00e2timent contre les ruissellements d\u2019eau et les remont\u00e9es capillaires.<\/p>\n\n\n    <div class=\"bon-a-savoir\">\n        <div class=\"bon-a-savoir-wrapper\">\n            <div class=\"bon-a-savoir-header\">\n                <div class=\"bon-a-savoir-header-icon\"><img decoding=\"async\" src=\"https:\/\/travaux.obat.fr\/guides\/wp-content\/themes\/obat-blog-v3\/img\/info-icon.svg\" alt=\"Info Icon\"><\/div>\n                <div class=\"bon-a-savoir-header-title\">Bon \u00e0 savoir<\/div>\n            <\/div>\n\n            <div class=\"bon-a-savoir-line\"><\/div>\n\n            <div class=\"bon-a-savoir-content\">\n                <p>Dans certaines communes, vous pouvez faire l\u2019objet d\u2019une injonction de ravalement si votre fa\u00e7ade semble trop n\u00e9glig\u00e9e.<\/p>\n            <\/div>\n        <\/div>\n    <\/div>\n    \n\n\n<p>Pensez \u00e9galement \u00e0 consulter le <strong>Plan local d\u2019urbanisme<\/strong> (PLU) de votre commune pour vous renseigner sur l\u2019existence de consignes particuli\u00e8res. Dans certains cas, vous devrez accomplir des d\u00e9marches administratives avant d\u2019obtenir le feu vert pour votre ravalement de fa\u00e7ade&nbsp;:&nbsp;<\/p>\n\n\n\n<ul class=\"wp-block-list\">\n<li>d\u00e9claration pr\u00e9alable de travaux, par exemple si vous souhaitez modifier la palette de couleurs des menuiseries ou changer la nature de l\u2019enduit\u2009;<\/li>\n\n\n\n<li>demande d\u2019autorisation pour installer un \u00e9chafaudage sur la voie publique\u2009;<\/li>\n\n\n\n<li>d\u00e9p\u00f4t d\u2019une demande d\u2019arr\u00eat\u00e9 de circulation si le chantier entrave la circulation.<\/li>\n<\/ul>\n\n\n\n<p>En <strong>zone prot\u00e9g\u00e9e<\/strong>, la r\u00e9glementation vous imposera des conditions plus strictes pour votre ravalement de fa\u00e7ade. Il est alors conseill\u00e9 de vous rapprocher du Service Territorial de l\u2019Architecture et du Patrimoine.<\/p>\n\n\n\n<p><em>Cet article peut aussi vous int\u00e9resser : <a href=\"https:\/\/travaux.obat.fr\/guides\/sequestre-chez-notaire\/\" target=\"_blank\" rel=\"noreferrer noopener\">S\u00e9questre chez notaire pour l\u2019achat d\u2019un bien&nbsp;: le guide<\/a><\/em><\/p>\n\n\n\n<h2 class=\"wp-block-heading\">Quel est le prix moyen d\u2019un ravalement de fa\u00e7ade&nbsp;?<\/h2>\n\n\n\n<p>G\u00e9n\u00e9ralement, le co\u00fbt d\u2019un ravalement de fa\u00e7ade s\u2019\u00e9l\u00e8ve <strong>entre 30 et 200&nbsp;\u20ac\/m\u00b2<\/strong>. Si vous vous contentez d\u2019une finition \u00e0 la peinture, votre devis se situera plut\u00f4t dans la fourchette basse. Si vous pr\u00e9f\u00e9rez un enduit monocouche, comptez entre 45 et 65&nbsp;\u20ac\/m\u00b2. Un cr\u00e9pi \u00e0 la chaux sera plus cher.<\/p>\n\n\n\n<h3 class=\"wp-block-heading\">Les facteurs \u00e0 prendre en compte<\/h3>\n\n\n\n<p>Le prix d\u2019un ravalement de fa\u00e7ade d\u00e9pend principalement de&nbsp;:<\/p>\n\n\n\n<ul class=\"wp-block-list\">\n<li>la <strong>nature de la fa\u00e7ade<\/strong> (bois, pierre, b\u00e9ton, brique)\u2009;<\/li>\n\n\n\n<li>le<strong> type de rev\u00eatement<\/strong> (peinture, cr\u00e9pi, enduit)\u2009;<\/li>\n\n\n\n<li>l\u2019<strong>\u00e9tat <\/strong>de la fa\u00e7ade\u2009;<\/li>\n\n\n\n<li>la <strong>surface<\/strong> de fa\u00e7ade\u2009;<\/li>\n\n\n\n<li>la <strong>hauteur<\/strong> de votre maison (n\u00e9cessaire \u00e0 partir de 3&nbsp;m de hauteur).<\/li>\n<\/ul>\n\n\n\n<p>Bien s\u00fbr, d\u2019autres crit\u00e8res viennent moduler le prix de l\u2019intervention&nbsp;: r\u00e9gion, garanties, assurances\u2026 Dans certains cas, la <a href=\"https:\/\/www.ecologie.gouv.fr\/politiques-publiques\/loi-lacces-logement-urbanisme-renove-loi-alur\" target=\"_blank\" rel=\"noreferrer noopener\">loi ALUR<\/a> impose la r\u00e9alisation de certains <strong>travaux d\u2019isolation thermique<\/strong> (remplacement des fen\u00eatres, etc.). Vous pouvez aussi profiter de votre ravalement de fa\u00e7ade pour faire r\u00e9aliser une <strong>isolation par l\u2019ext\u00e9rieur<\/strong> (ITE).&nbsp;<\/p>\n\n\n\n<figure class=\"wp-block-table is-style-stripes\"><table class=\"has-fixed-layout\"><tbody><tr><td><strong>Op\u00e9ration<\/strong><\/td><td><strong>Estimation de prix<\/strong><\/td><\/tr><tr><td>\u00c9chafaudage<\/td><td>Entre 15 et 25&nbsp;\u20ac\/m\u00b2selon l\u2019accessibilit\u00e9<\/td><\/tr><tr><td>Nettoyage simple<\/td><td>Environ 40&nbsp;\u20ac\/m\u00b2<\/td><\/tr><tr><td>Traitement anti-mousse et anti-champignons&nbsp;<\/td><td>Environ 30&nbsp;\u20ac\/m\u00b2<\/td><\/tr><tr><td>Sablage<\/td><td>Entre 60 et 90&nbsp;\u20ac\/m\u00b2<\/td><\/tr><\/tbody><\/table><\/figure>\n\n\n\n<p>Pour faire le bon choix, faites r\u00e9aliser <strong>plusieurs devis <\/strong>de ravalement de fa\u00e7ade par des professionnels diff\u00e9rents.<\/p>\n\n\n\n<p><em>A lire \u00e9galement : <a href=\"https:\/\/travaux.obat.fr\/guides\/tarif-facadier\/\" target=\"_blank\" rel=\"noreferrer noopener\">Quel est le prix d\u2019un fa\u00e7adier et d\u2019un ravalement de fa\u00e7ade en 2026 ?<\/a><\/em><\/p>\n\n\n\n<h3 class=\"wp-block-heading\">Les aides pour la r\u00e9faction d&rsquo;une fa\u00e7ade<\/h3>\n\n\n\n<p>La Loi sur la Transition \u00c9nerg\u00e9tique pour la Croissance Verte (<a href=\"https:\/\/www.ecologie.gouv.fr\/politiques-publiques\/loi-transition-energetique-croissance-verte\" target=\"_blank\" rel=\"noreferrer noopener\">LTECV<\/a>) pr\u00e9voit l\u2019attribution d\u2019aides de l\u2019\u00c9tat pour les ravalements de fa\u00e7ade, au titre de l\u2019optimisation des performances thermiques du b\u00e2timent concern\u00e9 : <\/p>\n\n\n\n<ul class=\"wp-block-list\">\n<li><strong>Cr\u00e9dit d\u2019imp\u00f4t pour la transition \u00e9nerg\u00e9tique<\/strong> : d\u00e9duction de 30<strong>&nbsp;%<\/strong> des d\u00e9penses \u00e9ligibles<\/li>\n\n\n\n<li><strong>\u00c9co-pr\u00eat \u00e0 taux z\u00e9ro<\/strong> : maximum 30\u2009000&nbsp;\u20ac sur 15&nbsp;ans<\/li>\n\n\n\n<li><strong>Subventions de l\u2019ANAH&nbsp;<\/strong>: sous conditions de revenus, le ravalement doit permettre de r\u00e9duire la consommation \u00e9nerg\u00e9tique de 25&nbsp;%, par exemple en couplant votre ravalement de fa\u00e7ade \u00e0 une ITEMaPrimeR\u00e9nov\u2019 : prise en charge de 40 \u00e0 75&nbsp;\u20ac\/m\u00b2.<\/li>\n\n\n\n<li><strong>Prime \u00e9nergie<\/strong> : prise en charge de 8&nbsp;\u20ac\/m\u00b2 (jusqu\u2019\u00e0 9&nbsp;\u20ac\/m\u00b2 pour les foyers les plus modestes)<\/li>\n\n\n\n<li><strong>Aides locales et r\u00e9gionales <\/strong>: se renseigner en mairie<\/li>\n<\/ul>\n\n\n\n<p>Pour b\u00e9n\u00e9ficier de ces aides au ravalement de fa\u00e7ade, assurez-vous de faire r\u00e9aliser vos travaux par un professionnel <strong>certifi\u00e9 <\/strong><a href=\"https:\/\/france-renov.gouv.fr\/annuaires-professionnels\/artisan-rge-architecte\"><strong>RGE<\/strong><\/a>. Le ravalement de fa\u00e7ade b\u00e9n\u00e9ficie \u00e9galement de la<strong> TVA r\u00e9duite \u00e0 5,5&nbsp;%<\/strong> si la construction date de plus de 2&nbsp;ans.<\/p>\n","protected":false},"excerpt":{"rendered":"<p>Bien plus qu\u2019un simple coup de neuf, le ravalement de fa\u00e7ade est la garantie d\u2019un b\u00e2timent sain. R\u00e9nover sa fa\u00e7ade d\u00e9fra\u00eechie ou ab\u00eem\u00e9e est un entretien n\u00e9cessaire et obligatoire. Dans ce guide, vous retrouverez des informations et des conseils pour vos travaux de fa\u00e7ade, une estimation des co\u00fbts pour \u00e9tablir votre budget, ainsi qu\u2019un r\u00e9capitulatif [&hellip;]<\/p>\n","protected":false},"author":8,"featured_media":1493,"comment_status":"closed","ping_status":"closed","sticky":false,"template":"","format":"standard","meta":{"footnotes":""},"categories":[9],"tags":[],"class_list":["post-1479","post","type-post","status-publish","format-standard","has-post-thumbnail","hentry","category-lexique-batiment"],"acf":{"adam_posts_cta_bloc":{"adam_cb_image":"","adam_cb_titre":"Trouvez des chantiers en sous traitance pr\u00e8s de chez vous.","adam_cb_cta":""},"hide_the_universal_cta":false,"adam_custom_cta_bloc":{"adam_cb_text":"Une offre accessible \u00e0 tous et sans engagement","adam_cb_cta_text":"D\u00e9couvrir nos tarifs","adam_cb_cta_link":"https:\/\/www.obat.fr\/","adam_cb_cta_link_target":false,"adam_cb_image":""}},"yoast_head":"<!-- This site is optimized with the Yoast SEO plugin v27.5 - https:\/\/yoast.com\/product\/yoast-seo-wordpress\/ -->\n<title>Ravalement de fa\u00e7ade\u00a0: guide pratique, co\u00fbts &amp; aides<\/title>\n<meta name=\"description\" content=\"Le ravalement de votre fa\u00e7ade est non seulement une obligation l\u00e9gale, mais vous permettra aussi d&#039;am\u00e9liorer sa performance \u00e9nerg\u00e9tique !\" \/>\n<meta name=\"robots\" content=\"index, follow, max-snippet:-1, max-image-preview:large, max-video-preview:-1\" \/>\n<link rel=\"canonical\" href=\"https:\/\/travaux.obat.fr\/guides\/ravalement-de-facade\/\" \/>\n<meta property=\"og:locale\" content=\"fr_FR\" \/>\n<meta property=\"og:type\" content=\"article\" \/>\n<meta property=\"og:title\" content=\"Ravalement de fa\u00e7ade\u00a0: guide pratique, co\u00fbts &amp; aides\" \/>\n<meta property=\"og:description\" content=\"Le ravalement de votre fa\u00e7ade est non seulement une obligation l\u00e9gale, mais vous permettra aussi d&#039;am\u00e9liorer sa performance \u00e9nerg\u00e9tique !\" \/>\n<meta property=\"og:url\" content=\"https:\/\/travaux.obat.fr\/guides\/ravalement-de-facade\/\" \/>\n<meta property=\"og:site_name\" content=\"Trouver un artisan qualifi\u00e9 pr\u00e8s de chez vous pour vos travaux | Obat\" \/>\n<meta property=\"article:published_time\" content=\"2024-08-15T14:28:20+00:00\" \/>\n<meta property=\"article:modified_time\" content=\"2024-11-04T10:33:35+00:00\" \/>\n<meta property=\"og:image\" content=\"https:\/\/travaux.obat.fr\/guides\/wp-content\/uploads\/2024\/08\/ravalement-facade.png\" \/>\n\t<meta property=\"og:image:width\" content=\"735\" \/>\n\t<meta property=\"og:image:height\" content=\"360\" \/>\n\t<meta property=\"og:image:type\" content=\"image\/png\" \/>\n<meta name=\"author\" content=\"Caroline Leverrier\" \/>\n<meta name=\"twitter:card\" content=\"summary_large_image\" \/>\n<meta name=\"twitter:label1\" content=\"\u00c9crit par\" \/>\n\t<meta name=\"twitter:data1\" content=\"Caroline Leverrier\" \/>\n\t<meta name=\"twitter:label2\" content=\"Dur\u00e9e de lecture estim\u00e9e\" \/>\n\t<meta name=\"twitter:data2\" content=\"8 minutes\" \/>\n<script type=\"application\/ld+json\" class=\"yoast-schema-graph\">{\n\t    \"@context\": \"https:\\\/\\\/schema.org\",\n\t    \"@graph\": [\n\t        {\n\t            \"@type\": \"Article\",\n\t            \"@id\": \"https:\\\/\\\/travaux.obat.fr\\\/guides\\\/ravalement-de-facade\\\/#article\",\n\t            \"isPartOf\": {\n\t                \"@id\": \"https:\\\/\\\/travaux.obat.fr\\\/guides\\\/ravalement-de-facade\\\/\"\n\t            },\n\t            \"author\": {\n\t                \"name\": \"Caroline Leverrier\",\n\t                \"@id\": \"https:\\\/\\\/travaux.obat.fr\\\/guides\\\/#\\\/schema\\\/person\\\/6eb77a852ed8eb8c7e1f84ff73462d03\"\n\t            },\n\t            \"headline\": \"Qu&rsquo;est-ce qu&rsquo;un ravalement de fa\u00e7ade ? Etapes et prix\",\n\t            \"datePublished\": \"2024-08-15T14:28:20+00:00\",\n\t            \"dateModified\": \"2024-11-04T10:33:35+00:00\",\n\t            \"mainEntityOfPage\": {\n\t                \"@id\": \"https:\\\/\\\/travaux.obat.fr\\\/guides\\\/ravalement-de-facade\\\/\"\n\t            },\n\t            \"wordCount\": 1687,\n\t            \"image\": {\n\t                \"@id\": \"https:\\\/\\\/travaux.obat.fr\\\/guides\\\/ravalement-de-facade\\\/#primaryimage\"\n\t            },\n\t            \"thumbnailUrl\": \"https:\\\/\\\/travaux.obat.fr\\\/guides\\\/wp-content\\\/uploads\\\/2024\\\/08\\\/ravalement-facade.png\",\n\t            \"articleSection\": [\n\t                \"Le lexique du b\u00e2timent\"\n\t            ],\n\t            \"inLanguage\": \"fr-FR\",\n\t            \"description\": null\n\t        },\n\t        {\n\t            \"@type\": \"Article\",\n\t            \"@id\": \"https:\\\/\\\/travaux.obat.fr\\\/guides\\\/ravalement-de-facade\\\/\",\n\t            \"url\": \"https:\\\/\\\/travaux.obat.fr\\\/guides\\\/ravalement-de-facade\\\/\",\n\t            \"name\": \"Ravalement de fa\u00e7ade\u00a0: guide pratique, co\u00fbts & aides\",\n\t            \"isPartOf\": {\n\t                \"@id\": \"https:\\\/\\\/travaux.obat.fr\\\/guides\\\/#website\"\n\t            },\n\t            \"primaryImageOfPage\": {\n\t                \"@id\": \"https:\\\/\\\/travaux.obat.fr\\\/guides\\\/ravalement-de-facade\\\/#primaryimage\"\n\t            },\n\t            \"image\": {\n\t                \"@id\": \"https:\\\/\\\/travaux.obat.fr\\\/guides\\\/ravalement-de-facade\\\/#primaryimage\"\n\t            },\n\t            \"thumbnailUrl\": \"https:\\\/\\\/travaux.obat.fr\\\/guides\\\/wp-content\\\/uploads\\\/2024\\\/08\\\/ravalement-facade.png\",\n\t            \"datePublished\": \"2024-08-15T14:28:20+00:00\",\n\t            \"dateModified\": \"2024-11-04T10:33:35+00:00\",\n\t            \"author\": {\n\t                \"@type\": \"Person\",\n\t                \"name\": \"Caroline Leverrier\",\n\t                \"url\": \"https:\\\/\\\/travaux.obat.fr\\\/guides\\\/author\\\/caroline\\\/\"\n\t            },\n\t            \"description\": \"Le ravalement de votre fa\u00e7ade est non seulement une obligation l\u00e9gale, mais vous permettra aussi d'am\u00e9liorer sa performance \u00e9nerg\u00e9tique !\",\n\t            \"inLanguage\": \"fr-FR\",\n\t            \"potentialAction\": [\n\t                {\n\t                    \"@type\": \"ReadAction\",\n\t                    \"target\": [\n\t                        \"https:\\\/\\\/travaux.obat.fr\\\/guides\\\/ravalement-de-facade\\\/\"\n\t                    ]\n\t                }\n\t            ],\n\t            \"headline\": \"Qu&rsquo;est-ce qu&rsquo;un ravalement de fa\u00e7ade ? Etapes et prix\"\n\t        },\n\t        {\n\t            \"@type\": \"ImageObject\",\n\t            \"inLanguage\": \"fr-FR\",\n\t            \"@id\": \"https:\\\/\\\/travaux.obat.fr\\\/guides\\\/ravalement-de-facade\\\/#primaryimage\",\n\t            \"url\": \"https:\\\/\\\/travaux.obat.fr\\\/guides\\\/wp-content\\\/uploads\\\/2024\\\/08\\\/ravalement-facade.png\",\n\t            \"contentUrl\": \"https:\\\/\\\/travaux.obat.fr\\\/guides\\\/wp-content\\\/uploads\\\/2024\\\/08\\\/ravalement-facade.png\",\n\t            \"width\": 735,\n\t            \"height\": 360,\n\t            \"caption\": \"ravalement facade\"\n\t        },\n\t        {\n\t            \"@type\": \"BreadcrumbList\",\n\t            \"@id\": \"https:\\\/\\\/travaux.obat.fr\\\/guides\\\/ravalement-de-facade\\\/#breadcrumb\",\n\t            \"itemListElement\": [\n\t                {\n\t                    \"@type\": \"ListItem\",\n\t                    \"position\": 1,\n\t                    \"name\": \"Accueil\",\n\t                    \"item\": \"https:\\\/\\\/travaux.obat.fr\\\/guides\\\/\"\n\t                },\n\t                {\n\t                    \"@type\": \"ListItem\",\n\t                    \"position\": 2,\n\t                    \"name\": \"Qu&rsquo;est-ce qu&rsquo;un ravalement de fa\u00e7ade ? Etapes et prix\"\n\t                }\n\t            ]\n\t        },\n\t        {\n\t            \"@type\": \"WebSite\",\n\t            \"@id\": \"https:\\\/\\\/travaux.obat.fr\\\/guides\\\/#website\",\n\t            \"url\": \"https:\\\/\\\/travaux.obat.fr\\\/guides\\\/\",\n\t            \"name\": \"Trouver un artisan qualifi\u00e9 pr\u00e8s de chez vous pour vos travaux | Obat\",\n\t            \"description\": \"\",\n\t            \"potentialAction\": [\n\t                {\n\t                    \"@type\": \"SearchAction\",\n\t                    \"target\": {\n\t                        \"@type\": \"EntryPoint\",\n\t                        \"urlTemplate\": \"https:\\\/\\\/travaux.obat.fr\\\/guides\\\/?s={search_term_string}\"\n\t                    },\n\t                    \"query-input\": {\n\t                        \"@type\": \"PropertyValueSpecification\",\n\t                        \"valueRequired\": true,\n\t                        \"valueName\": \"search_term_string\"\n\t                    }\n\t                }\n\t            ],\n\t            \"inLanguage\": \"fr-FR\"\n\t        },\n\t        {\n\t            \"@type\": \"Person\",\n\t            \"@id\": \"https:\\\/\\\/travaux.obat.fr\\\/guides\\\/#\\\/schema\\\/person\\\/6eb77a852ed8eb8c7e1f84ff73462d03\",\n\t            \"name\": \"Caroline Leverrier\",\n\t            \"image\": {\n\t                \"@type\": \"ImageObject\",\n\t                \"inLanguage\": \"fr-FR\",\n\t                \"@id\": \"https:\\\/\\\/travaux.obat.fr\\\/guides\\\/wp-content\\\/uploads\\\/2024\\\/08\\\/2-96x96.jpg\",\n\t                \"url\": \"https:\\\/\\\/travaux.obat.fr\\\/guides\\\/wp-content\\\/uploads\\\/2024\\\/08\\\/2-96x96.jpg\",\n\t                \"contentUrl\": \"https:\\\/\\\/travaux.obat.fr\\\/guides\\\/wp-content\\\/uploads\\\/2024\\\/08\\\/2-96x96.jpg\",\n\t                \"caption\": \"Caroline Leverrier\"\n\t            },\n\t            \"description\": \"R\u00e9dactrice web et traductrice, j'ouvre chaque semaine ma bo\u00eete \u00e0 outils linguistique et SEO pour accompagner les lecteur\u00b7rices d'Obat dans leurs travaux en tous genres.\",\n\t            \"sameAs\": [\n\t                \"https:\\\/\\\/www.linkedin.com\\\/in\\\/caroline-leverrier-6aab821b3\\\/\"\n\t            ],\n\t            \"url\": \"https:\\\/\\\/travaux.obat.fr\\\/guides\\\/author\\\/caroline\\\/\"\n\t        }\n\t    ]\n\t}<\/script>\n<!-- \/ Yoast SEO plugin. -->","yoast_head_json":{"title":"Ravalement de fa\u00e7ade\u00a0: guide pratique, co\u00fbts & aides","description":"Le ravalement de votre fa\u00e7ade est non seulement une obligation l\u00e9gale, mais vous permettra aussi d'am\u00e9liorer sa performance \u00e9nerg\u00e9tique !","robots":{"index":"index","follow":"follow","max-snippet":"max-snippet:-1","max-image-preview":"max-image-preview:large","max-video-preview":"max-video-preview:-1"},"canonical":"https:\/\/travaux.obat.fr\/guides\/ravalement-de-facade\/","og_locale":"fr_FR","og_type":"article","og_title":"Ravalement de fa\u00e7ade\u00a0: guide pratique, co\u00fbts & aides","og_description":"Le ravalement de votre fa\u00e7ade est non seulement une obligation l\u00e9gale, mais vous permettra aussi d'am\u00e9liorer sa performance \u00e9nerg\u00e9tique !","og_url":"https:\/\/travaux.obat.fr\/guides\/ravalement-de-facade\/","og_site_name":"Trouver un artisan qualifi\u00e9 pr\u00e8s de chez vous pour vos travaux | Obat","article_published_time":"2024-08-15T14:28:20+00:00","article_modified_time":"2024-11-04T10:33:35+00:00","og_image":[{"width":735,"height":360,"url":"https:\/\/travaux.obat.fr\/guides\/wp-content\/uploads\/2024\/08\/ravalement-facade.png","type":"image\/png"}],"author":"Caroline Leverrier","twitter_card":"summary_large_image","twitter_misc":{"\u00c9crit par":"Caroline Leverrier","Dur\u00e9e de lecture estim\u00e9e":"8 minutes"},"schema":{"@context":"https:\/\/schema.org","@graph":[{"@type":"Article","@id":"https:\/\/travaux.obat.fr\/guides\/ravalement-de-facade\/#article","isPartOf":{"@id":"https:\/\/travaux.obat.fr\/guides\/ravalement-de-facade\/"},"author":{"name":"Caroline Leverrier","@id":"https:\/\/travaux.obat.fr\/guides\/#\/schema\/person\/6eb77a852ed8eb8c7e1f84ff73462d03"},"headline":"Qu&rsquo;est-ce qu&rsquo;un ravalement de fa\u00e7ade ? Etapes et prix","datePublished":"2024-08-15T14:28:20+00:00","dateModified":"2024-11-04T10:33:35+00:00","mainEntityOfPage":{"@id":"https:\/\/travaux.obat.fr\/guides\/ravalement-de-facade\/"},"wordCount":1687,"image":{"@id":"https:\/\/travaux.obat.fr\/guides\/ravalement-de-facade\/#primaryimage"},"thumbnailUrl":"https:\/\/travaux.obat.fr\/guides\/wp-content\/uploads\/2024\/08\/ravalement-facade.png","articleSection":["Le lexique du b\u00e2timent"],"inLanguage":"fr-FR","description":null},{"@type":"Article","@id":"https:\/\/travaux.obat.fr\/guides\/ravalement-de-facade\/","url":"https:\/\/travaux.obat.fr\/guides\/ravalement-de-facade\/","name":"Ravalement de fa\u00e7ade\u00a0: guide pratique, co\u00fbts & aides","isPartOf":{"@id":"https:\/\/travaux.obat.fr\/guides\/#website"},"primaryImageOfPage":{"@id":"https:\/\/travaux.obat.fr\/guides\/ravalement-de-facade\/#primaryimage"},"image":{"@id":"https:\/\/travaux.obat.fr\/guides\/ravalement-de-facade\/#primaryimage"},"thumbnailUrl":"https:\/\/travaux.obat.fr\/guides\/wp-content\/uploads\/2024\/08\/ravalement-facade.png","datePublished":"2024-08-15T14:28:20+00:00","dateModified":"2024-11-04T10:33:35+00:00","author":{"@type":"Person","name":"Caroline Leverrier","url":"https:\/\/travaux.obat.fr\/guides\/author\/caroline\/"},"description":"Le ravalement de votre fa\u00e7ade est non seulement une obligation l\u00e9gale, mais vous permettra aussi d'am\u00e9liorer sa performance \u00e9nerg\u00e9tique !","inLanguage":"fr-FR","potentialAction":[{"@type":"ReadAction","target":["https:\/\/travaux.obat.fr\/guides\/ravalement-de-facade\/"]}],"headline":"Qu&rsquo;est-ce qu&rsquo;un ravalement de fa\u00e7ade ? Etapes et prix"},{"@type":"ImageObject","inLanguage":"fr-FR","@id":"https:\/\/travaux.obat.fr\/guides\/ravalement-de-facade\/#primaryimage","url":"https:\/\/travaux.obat.fr\/guides\/wp-content\/uploads\/2024\/08\/ravalement-facade.png","contentUrl":"https:\/\/travaux.obat.fr\/guides\/wp-content\/uploads\/2024\/08\/ravalement-facade.png","width":735,"height":360,"caption":"ravalement facade"},{"@type":"BreadcrumbList","@id":"https:\/\/travaux.obat.fr\/guides\/ravalement-de-facade\/#breadcrumb","itemListElement":[{"@type":"ListItem","position":1,"name":"Accueil","item":"https:\/\/travaux.obat.fr\/guides\/"},{"@type":"ListItem","position":2,"name":"Qu&rsquo;est-ce qu&rsquo;un ravalement de fa\u00e7ade ? Etapes et prix"}]},{"@type":"WebSite","@id":"https:\/\/travaux.obat.fr\/guides\/#website","url":"https:\/\/travaux.obat.fr\/guides\/","name":"Trouver un artisan qualifi\u00e9 pr\u00e8s de chez vous pour vos travaux | Obat","description":"","potentialAction":[{"@type":"SearchAction","target":{"@type":"EntryPoint","urlTemplate":"https:\/\/travaux.obat.fr\/guides\/?s={search_term_string}"},"query-input":{"@type":"PropertyValueSpecification","valueRequired":true,"valueName":"search_term_string"}}],"inLanguage":"fr-FR"},{"@type":"Person","@id":"https:\/\/travaux.obat.fr\/guides\/#\/schema\/person\/6eb77a852ed8eb8c7e1f84ff73462d03","name":"Caroline Leverrier","image":{"@type":"ImageObject","inLanguage":"fr-FR","@id":"https:\/\/travaux.obat.fr\/guides\/wp-content\/uploads\/2024\/08\/2-96x96.jpg","url":"https:\/\/travaux.obat.fr\/guides\/wp-content\/uploads\/2024\/08\/2-96x96.jpg","contentUrl":"https:\/\/travaux.obat.fr\/guides\/wp-content\/uploads\/2024\/08\/2-96x96.jpg","caption":"Caroline Leverrier"},"description":"R\u00e9dactrice web et traductrice, j'ouvre chaque semaine ma bo\u00eete \u00e0 outils linguistique et SEO pour accompagner les lecteur\u00b7rices d'Obat dans leurs travaux en tous genres.","sameAs":["https:\/\/www.linkedin.com\/in\/caroline-leverrier-6aab821b3\/"],"url":"https:\/\/travaux.obat.fr\/guides\/author\/caroline\/"}]}},"_links":{"self":[{"href":"https:\/\/travaux.obat.fr\/guides\/wp-json\/wp\/v2\/posts\/1479","targetHints":{"allow":["GET"]}}],"collection":[{"href":"https:\/\/travaux.obat.fr\/guides\/wp-json\/wp\/v2\/posts"}],"about":[{"href":"https:\/\/travaux.obat.fr\/guides\/wp-json\/wp\/v2\/types\/post"}],"author":[{"embeddable":true,"href":"https:\/\/travaux.obat.fr\/guides\/wp-json\/wp\/v2\/users\/8"}],"replies":[{"embeddable":true,"href":"https:\/\/travaux.obat.fr\/guides\/wp-json\/wp\/v2\/comments?post=1479"}],"version-history":[{"count":35,"href":"https:\/\/travaux.obat.fr\/guides\/wp-json\/wp\/v2\/posts\/1479\/revisions"}],"predecessor-version":[{"id":2826,"href":"https:\/\/travaux.obat.fr\/guides\/wp-json\/wp\/v2\/posts\/1479\/revisions\/2826"}],"wp:featuredmedia":[{"embeddable":true,"href":"https:\/\/travaux.obat.fr\/guides\/wp-json\/wp\/v2\/media\/1493"}],"wp:attachment":[{"href":"https:\/\/travaux.obat.fr\/guides\/wp-json\/wp\/v2\/media?parent=1479"}],"wp:term":[{"taxonomy":"category","embeddable":true,"href":"https:\/\/travaux.obat.fr\/guides\/wp-json\/wp\/v2\/categories?post=1479"},{"taxonomy":"post_tag","embeddable":true,"href":"https:\/\/travaux.obat.fr\/guides\/wp-json\/wp\/v2\/tags?post=1479"}],"curies":[{"name":"wp","href":"https:\/\/api.w.org\/{rel}","templated":true}]}}